{"id":15563,"date":"2026-04-09T12:31:51","date_gmt":"2026-04-09T12:31:51","guid":{"rendered":"https:\/\/news.amway.eu\/?p=15563"},"modified":"2026-04-10T08:55:25","modified_gmt":"2026-04-10T08:55:25","slug":"amway-2025-11-novekedes-magyarorszagon-35-bovules-az-esan-regioban","status":"publish","type":"post","link":"https:\/\/news.amway.eu\/hu\/amway-2025-11-novekedes-magyarorszagon-35-bovules-az-esan-regioban\/","title":{"rendered":"Amway 2025: 11% N\u00f6veked\u00e9s Magyarorsz\u00e1gon, 3,5% B\u0151v\u00fcl\u00e9s Az Esan R\u00e9gi\u00f3ban"},"content":{"rendered":"<p style=\"text-align: justify;\">Az <strong>Amway,<\/strong> a vil\u00e1g legnagyobb k\u00f6zvetlen \u00e9rt\u00e9kes\u00edt\u00e9si v\u00e1llalata<a href=\"#_ftn1\" name=\"_ftnref1\">[1]<\/a> k\u00f6zz\u00e9tette 2025-\u00f6s p\u00e9nz\u00fcgyi eredm\u00e9nyeit, bemutatta legfontosabb fejleszt\u00e9seit: 7,3 milli\u00e1rd USD<a href=\"#_ftn2\" name=\"_ftnref2\">[2]<\/a> glob\u00e1lis \u00e1rbev\u00e9tel\u00e9vel meger\u0151s\u00edtette ipar\u00e1gi vezet\u0151 szerep\u00e9t. A folyamatosan v\u00e1ltoz\u00f3 piaci k\u00f6rnyezetben <strong>a Magyarorsz\u00e1got is mag\u00e1ban foglal\u00f3<\/strong> <strong>ESAN r\u00e9gi\u00f3 (Eur\u00f3pa, D\u00e9l-Afrika, Ausztr\u00e1lia \u00e9s \u00daj-Z\u00e9land) <\/strong>2025-ben 439 milli\u00f3 USD<a href=\"#_ftn3\" name=\"_ftnref3\">[3]<\/a> \u00e1rbev\u00e9telt \u00e9rt el, ami 3,5%-os n\u00f6veked\u00e9st jelent a 2024-es 424,3 milli\u00f3 USD-hez<a href=\"#_ftn4\" name=\"_ftnref4\">[4]<\/a> k\u00e9pest, folytatva ezzel az \u00e9vek \u00f3ta tart\u00f3 n\u00f6veked\u00e9si trendet.<\/p>\n<p style=\"text-align: justify;\">Ez a n\u00f6veked\u00e9s egy\u00e9rtelm\u0171en t\u00fckr\u00f6zi a holisztikus j\u00f3ll\u00e9tre ir\u00e1nyul\u00f3 tudatos strat\u00e9giai f\u00f3kuszt, a fogyaszt\u00f3i ig\u00e9nyek alapos ismeret\u00e9t, \u00e9s az Amway k\u00f6z\u00f6ss\u00e9g erej\u00e9t a k\u00fcl\u00f6nb\u00f6z\u0151 piacokon. Ebben a piaci helyzetben Magyarorsz\u00e1g jelent\u0151s, 11%-os n\u00f6veked\u00e9st \u00e9rt el az el\u0151z\u0151 \u00e9vhez k\u00e9pest, ami vil\u00e1gosan mutatja az orsz\u00e1g r\u00e9gi\u00f3n bel\u00fcli er\u0151s teljes\u00edtm\u00e9ny\u00e9t.<\/p>\n<p style=\"text-align: justify;\">\n<p>&nbsp;<\/p>\n<p style=\"text-align: justify;\"><strong>Tart\u00f3s n\u00f6veked\u00e9s az ESAN t\u00e9rs\u00e9g piacain<\/strong><\/p>\n<p style=\"text-align: justify;\">Az ESAN r\u00e9gi\u00f3 2025-\u00f6s eredm\u00e9nyei egy tudatosan fel\u00e9p\u00edtett, t\u00f6bb\u00e9ves strat\u00e9gia siker\u00e9t t\u00fckr\u00f6zik, amelyet k\u00f6vetkezetesen hajtottak v\u00e9gre a f\u00f6ldrajzilag elt\u00e9r\u0151 piacokon. A n\u00f6veked\u00e9s sz\u00e9les k\u00f6r\u0171 volt, sz\u00e1mos piac kiemelked\u0151en teljes\u00edtett az el\u0151z\u0151 \u00e9vhez k\u00e9pest. A sikerhez a term\u00e9kinnov\u00e1ci\u00f3kba \u00e9s fejleszt\u00e9sekbe ir\u00e1nyul\u00f3 befektet\u00e9sek, az Amway \u00dczleti V\u00e1llalkoz\u00f3k folyamatos k\u00e9pz\u00e9se, valamint a r\u00e9gi\u00f3 egyedi dinamik\u00e1j\u00e1ra szabott piacra l\u00e9p\u00e9si strat\u00e9gi\u00e1k is jelent\u0151sen hozz\u00e1j\u00e1rultak. Az ESAN r\u00e9gi\u00f3 er\u0151s alapokkal \u00e9s vil\u00e1gos strat\u00e9giai ir\u00e1nyok ment\u00e9n kezdte a 2026-os \u00e9vet, \u00e9s j\u00f3k az es\u00e9lyei arra, hogy tov\u00e1bbra is n\u00f6veked\u00e9si p\u00e1ly\u00e1n maradjon.<\/p>\n<p style=\"text-align: justify;\"><em>\u201eA 2025-\u00f6s eredm\u00e9nyek azt bizony\u00edtj\u00e1k, hogy a strat\u00e9gi\u00e1nk j\u00f3l m\u0171k\u00f6dik. Megold\u00e1st adunk v\u00e1s\u00e1rl\u00f3ink j\u00f3ll\u00e9tre vonatkoz\u00f3 ig\u00e9nyeire, mik\u00f6zben stabil \u00e9s vonz\u00f3 \u00fczleti lehet\u0151s\u00e9get biztos\u00edtunk az Amway \u00dczleti V\u00e1llalkoz\u00f3k sz\u00e1m\u00e1ra a teljes r\u00e9gi\u00f3ban\u201d<\/em> \u2013 mondta <strong>Jon L. Voskuil, az Amway ESAN \u00fcgyvezet\u0151 igazgat\u00f3ja.<\/strong> <em>\u201eTov\u00e1bbra is arra \u00f6sszpontos\u00edtunk, hogy folyamatosan biztos\u00edtsuk \u00dczleti V\u00e1llalkoz\u00f3ink \u00e9s \u00fcgyfeleik sz\u00e1m\u00e1ra azokat a digit\u00e1lis eszk\u00f6z\u00f6ket \u00e9s t\u00e1mogat\u00e1st, amelyek seg\u00edts\u00e9g\u00e9vel a k\u00f6vetkez\u0151 \u00e9vekben is sikeresen fejl\u0151dhetnek\u201d<\/em> \u2013 tette hozz\u00e1.<\/p>\n<p style=\"text-align: justify;\">\n<p>&nbsp;<\/p>\n<p style=\"text-align: justify;\"><strong>Stabil \u00fczleti modell \u00e9s meger\u0151s\u00edtett term\u00e9kportf\u00f3li\u00f3<\/strong><\/p>\n<p style=\"text-align: justify;\">Az Amway az elm\u00falt \u00e9vben tov\u00e1bbra is alapvet\u0151 strat\u00e9giai c\u00e9ljait tartotta szem el\u0151tt, ugyanakkor a glob\u00e1lis \u00e9rt\u00e9kes\u00edt\u00e9si eredm\u00e9nyek kiss\u00e9 elmaradtak a megel\u0151z\u0151 \u00e9vhez k\u00e9pest. Ennek ellen\u00e9re a v\u00e1llalat jelent\u0151s el\u0151rel\u00e9p\u00e9st tett a hossz\u00fa t\u00e1v\u00fa eredm\u00e9nyess\u00e9g szempontj\u00e1b\u00f3l kulcsfontoss\u00e1g\u00fa ter\u00fcleteken.<\/p>\n<p style=\"text-align: justify;\">Az Amway tudom\u00e1nyos alapokra \u00e9p\u00fcl\u0151, egyedi term\u00e9kk\u00edn\u00e1lata meghat\u00e1roz\u00f3 szerepet t\u00f6lt be az egyre eg\u00e9szs\u00e9gtudatosabb fogyaszt\u00f3i k\u00f6rnyezetben, tov\u00e1bbra is ez jelenti \u00fczleti tev\u00e9kenys\u00e9g\u00e9nek alappill\u00e9r\u00e9t: a v\u00e1llalat glob\u00e1lis \u00e9rt\u00e9kes\u00edt\u00e9s\u00e9nek 64%-\u00e1t tette ki, mik\u00f6zben a Nutrilite\u2122 tov\u00e1bbra is a vil\u00e1g els\u0151 sz\u00e1m\u00fa vitamin- \u00e9s \u00e9trend-kieg\u00e9sz\u00edt\u0151 m\u00e1rk\u00e1ja maradt<a href=\"#_ftn5\" name=\"_ftnref5\">[5]<\/a>.<\/p>\n<p style=\"text-align: justify;\">A v\u00e1llalat kiemelked\u0151 eredm\u00e9nyeket \u00e9rt el a sz\u00e9ps\u00e9g\u00e1pol\u00e1si kateg\u00f3ri\u00e1ban is, amely glob\u00e1lis szinten 8%-kal n\u00f6vekedett, r\u00e9szben az \u00faj Artistry LongXevity\u2122 kollekci\u00f3 siker\u00e9nek k\u00f6sz\u00f6nhet\u0151en. Az \u00faj eSpring\u2122 v\u00edztiszt\u00edt\u00f3 rendszer bevezet\u00e9se t\u00f6bb piacon jelent\u0151s keresletet gener\u00e1lt, ami a v\u00edztiszt\u00edt\u00e1s kateg\u00f3ria 25%-os n\u00f6veked\u00e9s\u00e9hez j\u00e1rult hozz\u00e1 ezeken a piacokon.<\/p>\n<p style=\"text-align: justify;\">Az Amway holisztikus megk\u00f6zel\u00edt\u00e9st alkalmaz a j\u00f3ll\u00e9t ter\u00e9n, k\u00fcl\u00f6n\u00f6s hangs\u00falyt fektetve az eg\u00e9szs\u00e9gben elt\u00f6lt\u00f6tt \u00e9vek sz\u00e1m\u00e1nak n\u00f6vel\u00e9s\u00e9re \u2013 azaz arra, hogy az emberek min\u00e9l hosszabb ideig \u00e9lhessenek eg\u00e9szs\u00e9gesen. A v\u00e1llalat k\u00fcl\u00f6nf\u00e9le term\u00e9kei \u00e9s megold\u00e1sai a teljes \u00e9letm\u00f3dot lefedik: mindazt, amit bevisz\u00fcnk a szervezet\u00fcnkbe, amit a b\u0151r\u00fcnkre haszn\u00e1lunk, valamint ami k\u00f6r\u00fclvesz minket \u2013 bele\u00e9rtve az \u00e9trend-kieg\u00e9sz\u00edt\u0151ket, a b\u0151r\u00e1pol\u00e1si term\u00e9keket, az iv\u00f3vizet \u00e9s a leveg\u0151t.<\/p>\n<p style=\"text-align: justify;\">Term\u00e9kportf\u00f3li\u00f3j\u00e1n t\u00fal az Amway k\u00f6zvetlen \u00e9rt\u00e9kes\u00edt\u00e9si modellje tov\u00e1bbra is vonz\u00f3 azok sz\u00e1m\u00e1ra, akik struktur\u00e1lt, alacsony kock\u00e1zat\u00fa v\u00e1llalkoz\u00e1si lehet\u0151s\u00e9get keresnek. 2025-ben vil\u00e1gszerte t\u00f6bb mint egymilli\u00f3 ember d\u00f6nt\u00f6tt \u00fagy, hogy az Amway-jel \u00e9p\u00edti fel v\u00e1llalkoz\u00e1s\u00e1t: ebben legink\u00e1bb a j\u00f6vedelemszerz\u00e9si lehet\u0151s\u00e9g, az Amway k\u00f6z\u00f6ss\u00e9g\u00e9nek t\u00e1mogat\u00e1sa \u00e9s a piacvezet\u0151 term\u00e9kekhez val\u00f3 hozz\u00e1f\u00e9r\u00e9s egyed\u00fcl\u00e1ll\u00f3 kombin\u00e1ci\u00f3ja motiv\u00e1lta \u0151ket.<\/p>\n<p style=\"text-align: justify;\"><em>\u201eAz Amway sz\u00e9lesk\u00f6r\u0171 megold\u00e1sokat k\u00edn\u00e1l napjaink legfontosabb kih\u00edv\u00e1saira<\/em> \u2013 hangs\u00falyozta <strong>Michael Nelson, az Amway eln\u00f6k-vez\u00e9rigazgat\u00f3ja<\/strong>. \u2013 <em>Egyes\u00edtj\u00fck az alacsony kock\u00e1zat\u00fa v\u00e1llalkoz\u00e1si lehet\u0151s\u00e9get, az eg\u00e9szs\u00e9get \u00e9s j\u00f3ll\u00e9tet t\u00e1mogat\u00f3 term\u00e9keket, valamint a k\u00f6z\u00f6ss\u00e9ghez val\u00f3 kapcsol\u00f3d\u00e1st \u2013 mindezt id\u0151t\u00e1ll\u00f3 \u00e9rt\u00e9keinkre \u00e9p\u00edtve. 2025-ben arra f\u00f3kusz\u00e1ltunk, hogy megl\u00e9v\u0151 er\u0151ss\u00e9geinkre t\u00e1maszkodva \u00faj n\u00f6veked\u00e9si lehet\u0151s\u00e9geket teremts\u00fcnk. Ezek a tudatos l\u00e9p\u00e9sek biztos alapot adnak a j\u00f6v\u0151beni fenntarthat\u00f3 fejl\u0151d\u00e9shez.\u201d<\/em><\/p>\n<p style=\"text-align: justify;\">\n<p>&nbsp;<\/p>\n<p style=\"text-align: justify;\"><strong>Tov\u00e1bbi lend\u00fcletre lehet sz\u00e1m\u00edtani az ESAN r\u00e9gi\u00f3ban <\/strong><\/p>\n<p style=\"text-align: justify;\">A val\u00f3s fogyaszt\u00f3i ig\u00e9nyekre v\u00e1laszt ad\u00f3, holisztikus j\u00f3ll\u00e9ti megold\u00e1sokat k\u00edn\u00e1l\u00f3 portf\u00f3li\u00f3j\u00e1val \u00e9s motiv\u00e1lt k\u00f6z\u00f6ss\u00e9g\u00e9vel az Amway ESAN t\u00e9rs\u00e9ge kiv\u00e1l\u00f3 helyzetben van ahhoz, hogy 2026-ban tov\u00e1bb jav\u00edtsa eredm\u00e9nyeit. A r\u00e9gi\u00f3 tov\u00e1bbra is az innov\u00e1ci\u00f3ra, a digit\u00e1lis fejleszt\u00e9sekre \u00e9s h\u00e1l\u00f3zat\u00e1nak er\u0151s\u00edt\u00e9s\u00e9re helyezi a hangs\u00falyt, amelyek a fenntarthat\u00f3, hossz\u00fa t\u00e1v\u00fa teljes\u00edtm\u00e9ny\u00e9nek a f\u0151 hajt\u00f3er\u0151i.<\/p>\n<p style=\"text-align: justify;\">Az Amway 2025 Global Impact Report el\u00e9rhet\u0151 az al\u00e1bbi weboldalon:<\/p>\n<p style=\"text-align: justify;\"><a href=\"https:\/\/www.amwayglobal.com\/impact-report\/\">https:\/\/www.amwayglobal.com\/impact-report\/<\/a><\/p>\n<p style=\"text-align: justify;\"><strong>\u00a0<\/strong><\/p>\n<p style=\"text-align: justify;\"><strong>\u00a0<\/strong><\/p>\n<p style=\"text-align: justify;\"><strong>\u00a0<\/strong><\/p>\n<p style=\"text-align: justify;\"><span style=\"color: #808080;\"><strong><em>Az Amway-r\u0151l<\/em><\/strong><\/span><\/p>\n<p style=\"text-align: justify;\"><span style=\"color: #808080;\"><em>Az Amway egy k\u00f6zvetlen \u00e9rt\u00e9kes\u00edt\u00e9si v\u00e1llalat, amely vil\u00e1gszerte t\u00f6bb mint 100 orsz\u00e1gban \u00e9s ter\u00fcleten seg\u00edti az embereket abban, hogy jobb \u00e9letet \u00e9ljenek. Az Amway legkeresettebb m\u00e1rk\u00e1i a Nutrilite\u2122, az Artistry\u2122, az eSpring\u2122 \u00e9s az XS\u2122, amelyeket kiz\u00e1r\u00f3lag az Amway \u00dczleti V\u00e1llalkoz\u00f3k forgalmazhatnak. A 2025-\u00f6s Direct Selling News Global 100 lista szerint az Amway a vil\u00e1g els\u0151 sz\u00e1m\u00fa k\u00f6zvetlen \u00e9rt\u00e9kes\u00edt\u00e9si v\u00e1llalata<a style=\"color: #808080;\" href=\"#_ftn6\" name=\"_ftnref6\"><strong>[6]<\/strong><\/a>. Tov\u00e1bbi inform\u00e1ci\u00f3: <\/em><a style=\"color: #808080;\" href=\"https:\/\/news.amway.eu\/hu\/\"><em>https:\/\/news.amway.eu<\/em><\/a><em> \u00e9s <\/em><a style=\"color: #808080;\" href=\"https:\/\/www.amway.hu\/\"><em>https:\/\/www.amway.hu\/<\/em><\/a><\/span><\/p>\n<p style=\"text-align: justify;\"><span style=\"color: #808080;\"><a style=\"color: #808080;\" href=\"#_ftnref1\" name=\"_ftn1\">[1]<\/a> <a style=\"color: #808080;\" href=\"https:\/\/www.directsellingnews.com\/global-100-lists\/\">https:\/\/www.directsellingnews.com\/global-100-lists\/<\/a><\/span><\/p>\n<p style=\"text-align: justify;\"><span style=\"color: #808080;\"><a style=\"color: #808080;\" href=\"#_ftnref2\" name=\"_ftn2\">[2]<\/a> Kb. 2618 milli\u00e1rd Ft, 358,7 Ft\/USD \u00e1rfolyam alapj\u00e1n (2025)<\/span><\/p>\n<p style=\"text-align: justify;\"><span style=\"color: #808080;\"><a style=\"color: #808080;\" href=\"#_ftnref3\" name=\"_ftn3\">[3]<\/a> Kb. 157 milli\u00e1rd Ft, 358,7 Ft\/USD \u00e1rfolyam alapj\u00e1n (2025)<\/span><\/p>\n<p style=\"text-align: justify;\"><span style=\"color: #808080;\"><a style=\"color: #808080;\" href=\"#_ftnref4\" name=\"_ftn4\">[4]<\/a> Kb. 152 milli\u00e1rd Ft, 358,7 Ft\/USD \u00e1rfolyam alapj\u00e1n (2025)<\/span><\/p>\n<p style=\"text-align: justify;\"><span style=\"color: #808080;\"><a style=\"color: #808080;\" href=\"#_ftnref5\" name=\"_ftn5\">[5]<\/a> Forr\u00e1s: GlobalData, <a style=\"color: #808080;\" href=\"http:\/\/www.gdretail.net\/amway-claims\">www.gdretail.net\/amway-claims<\/a><\/span><\/p>\n<p style=\"text-align: justify;\"><span style=\"color: #808080;\"><a style=\"color: #808080;\" href=\"#_ftnref6\" name=\"_ftn6\">[6]<\/a> <a style=\"color: #808080;\" href=\"https:\/\/www.directsellingnews.com\/global-100-lists\/\">https:\/\/www.directsellingnews.com\/global-100-lists\/<\/a><\/span><\/p>\n","protected":false},"excerpt":{"rendered":"<p>Az Amway, a vil\u00e1g legnagyobb k\u00f6zvetlen \u00e9rt\u00e9kes\u00edt\u00e9si v\u00e1llalata[1] k\u00f6zz\u00e9tette 2025-\u00f6s p\u00e9nz\u00fcgyi eredm\u00e9nyeit, bemutatta legfontosabb fejleszt\u00e9seit: 7,3 milli\u00e1rd USD[2] glob\u00e1lis \u00e1rbev\u00e9tel\u00e9vel meger\u0151s\u00edtette ipar\u00e1gi vezet\u0151 szerep\u00e9t. A folyamatosan v\u00e1ltoz\u00f3 piaci k\u00f6rnyezetben a Magyarorsz\u00e1got is mag\u00e1ban foglal\u00f3 ESAN r\u00e9gi\u00f3 (Eur\u00f3pa, D\u00e9l-Afrika, Ausztr\u00e1lia \u00e9s \u00daj-Z\u00e9land) 2025-ben 439 milli\u00f3 USD[3] \u00e1rbev\u00e9telt \u00e9rt el, ami 3,5%-os n\u00f6veked\u00e9st jelent a 2024-es 424,3 [&hellip;]<\/p>\n","protected":false},"author":2,"featured_media":15518,"comment_status":"closed","ping_status":"closed","sticky":false,"template":"","format":"standard","meta":{"_acf_changed":false,"footnotes":""},"categories":[20,13],"tags":[],"class_list":["post-15563","post","type-post","status-publish","format-standard","has-post-thumbnail","hentry","category-amway","category-press-release","post_year-631"],"acf":[],"aioseo_notices":[],"_links":{"self":[{"href":"https:\/\/news.amway.eu\/hu\/wp-json\/wp\/v2\/posts\/15563","targetHints":{"allow":["GET"]}}],"collection":[{"href":"https:\/\/news.amway.eu\/hu\/wp-json\/wp\/v2\/posts"}],"about":[{"href":"https:\/\/news.amway.eu\/hu\/wp-json\/wp\/v2\/types\/post"}],"author":[{"embeddable":true,"href":"https:\/\/news.amway.eu\/hu\/wp-json\/wp\/v2\/users\/2"}],"replies":[{"embeddable":true,"href":"https:\/\/news.amway.eu\/hu\/wp-json\/wp\/v2\/comments?post=15563"}],"version-history":[{"count":2,"href":"https:\/\/news.amway.eu\/hu\/wp-json\/wp\/v2\/posts\/15563\/revisions"}],"predecessor-version":[{"id":15565,"href":"https:\/\/news.amway.eu\/hu\/wp-json\/wp\/v2\/posts\/15563\/revisions\/15565"}],"wp:featuredmedia":[{"embeddable":true,"href":"https:\/\/news.amway.eu\/hu\/wp-json\/wp\/v2\/media\/15518"}],"wp:attachment":[{"href":"https:\/\/news.amway.eu\/hu\/wp-json\/wp\/v2\/media?parent=15563"}],"wp:term":[{"taxonomy":"category","embeddable":true,"href":"https:\/\/news.amway.eu\/hu\/wp-json\/wp\/v2\/categories?post=15563"},{"taxonomy":"post_tag","embeddable":true,"href":"https:\/\/news.amway.eu\/hu\/wp-json\/wp\/v2\/tags?post=15563"}],"curies":[{"name":"wp","href":"https:\/\/api.w.org\/{rel}","templated":true}]}}